{"id":63436,"date":"2025-05-15T11:19:27","date_gmt":"2025-05-15T09:19:27","guid":{"rendered":"https:\/\/mediaboard.com\/?p=63436"},"modified":"2025-05-21T09:27:41","modified_gmt":"2025-05-21T07:27:41","slug":"esg-w-polskich-mediach","status":"publish","type":"post","link":"https:\/\/mediaboard.com\/pl\/esg-w-polskich-mediach\/","title":{"rendered":"ESG w polskich mediach"},"content":{"rendered":"\n<p>Cho\u0107 od premiery raportu \u201eESG w mediach\u201d min\u0119\u0142o ju\u017c kilka miesi\u0119cy, jego przekaz dzi\u015b wybrzmiewa jeszcze mocniej. Podczas IV Kongresu ESG \u2013 Liderzy Zr\u00f3wnowa\u017conego Rozwoju \u2013 Europa, Marcin Szczupak, CEO Mediaboard Polska, zaprezentowa\u0142 dane, kt\u00f3re nie tylko opisuj\u0105 medialny krajobraz, ale i wskazuj\u0105 na jego konsekwencje dla biznesu, <a href=\"https:\/\/mediaboard.com\/pl\/public-relations-w-2024-roku-2\/\">PR-u<\/a> i opinii publicznej.<\/p>\n\n\n\n<p>&nbsp;<\/p>\n\n\n\n<h2 class=\"has-text-align-center\"><strong>Zobacz &nbsp;wyst\u0105pienie <a href=\"https:\/\/www.linkedin.com\/in\/marcinszczupak\/\">Marcina Szczupaka<\/a> w trakcie kongresu<\/strong><\/h2>\n\n\n\n<p>&nbsp;<\/p>\n\n\n\n<figure class=\"wp-block-embed is-type-video is-provider-youtube wp-block-embed-youtube wp-embed-aspect-16-9 wp-has-aspect-ratio\"><div class=\"wp-block-embed__wrapper\">\n<iframe loading=\"lazy\" title=\"Marcin Szczupak, Mediaboard: ESG w mediach - czy interesuj\u0105 nas tylko kwestie \u015brodowiskowe?\" width=\"500\" height=\"281\" src=\"https:\/\/www.youtube.com\/embed\/2UbnJ9MMcVU?list=PLDufSWwykNYsq_8yKqVvOVAEtHSa-eUbq\" frameborder=\"0\" allow=\"accelerometer; autoplay; clipboard-write; encrypted-media; gyroscope; picture-in-picture; web-share\" referrerpolicy=\"strict-origin-when-cross-origin\" allowfullscreen><\/iframe>\n<\/div><\/figure>\n\n\n\n<p>&nbsp;<\/p>\n\n\n\n<h2><strong>E zag\u0142usza S i G<\/strong><\/h2>\n\n\n\n<p>Z raportu jednoznacznie wynika, \u017ce medialne narracje wok\u00f3\u0142 ESG s\u0105 zdominowane przez tematyk\u0119 \u015brodowiskow\u0105. Poj\u0119cia takie jak \u201eneutralno\u015b\u0107 klimatyczna\u201d, \u201ezielona gospodarka\u201d czy \u201etransformacja energetyczna\u201d pojawiaj\u0105 si\u0119 wielokrotnie cz\u0119\u015bciej ni\u017c zagadnienia zwi\u0105zane z r\u00f3wno\u015bci\u0105, r\u00f3\u017cnorodno\u015bci\u0105, dobrostanem pracownik\u00f3w czy \u0142adem organizacyjnym.<\/p>\n\n\n\n<p>To efekt mi\u0119dzy innymi tego, \u017ce znacz\u0105ca cz\u0119\u015b\u0107 przekaz\u00f3w pochodzi od firm i instytucji publicznych \u2013 a kwestie \u015brodowiskowe s\u0105 po prostu \u0142atwiejsze do zakomunikowania. \u2013 \u201e<em>ESG bywa dzi\u015b traktowane jak synonim ekologii, a to ogromne uproszczenie<\/em>\u201d \u2013 zauwa\u017ca Marcin Szczupak.<\/p>\n\n\n\n<p>&nbsp;<\/p>\n\n\n\n<h2><strong>Konteksty j\u0119zykowe \u2013 jakie narracje dominuj\u0105?<\/strong><\/h2>\n\n\n\n<p>Analiza j\u0119zykowa pokazuje przewag\u0119 narracji pozytywnych. Media najcz\u0119\u015bciej m\u00f3wi\u0105 o \u201ezr\u00f3wnowa\u017conym rozwoju\u201d, \u201edobru przysz\u0142ych pokole\u0144\u201d czy \u201eambitnych zobowi\u0105zaniach firm\u201d. Brakuje natomiast g\u0142osu o ryzykach, kontrowersjach, kosztach zmian czy wewn\u0119trznych napi\u0119ciach zwi\u0105zanych z transformacj\u0105 ESG.<\/p>\n\n\n\n<p>Znacznie rzadziej pojawiaj\u0105 si\u0119 natomiast odniesienia do wyzwa\u0144, ryzyk, koszt\u00f3w transformacji czy kontrowersyjnych aspekt\u00f3w wdra\u017cania polityk ESG. Taki jednostronny przekaz mo\u017ce prowadzi\u0107 do fa\u0142szywego obrazu ESG jako wy\u0142\u0105cznie PR-owej narracji \u2013 pozbawionej realnych napi\u0119\u0107, dylemat\u00f3w i trudnych decyzji, kt\u00f3re s\u0105 nieod\u0142\u0105czn\u0105 cz\u0119\u015bci\u0105 procesu zmian.<\/p>\n\n\n\n<p>&nbsp;<\/p>\n\n\n\n<h2><strong>Social media: rosn\u0105ca krytyka, wi\u0119ksze zaanga\u017cowanie<\/strong><\/h2>\n\n\n\n<p>W 2024 roku w mediach spo\u0142eczno\u015bciowych pojawi\u0142o si\u0119 18 076 wzmianek dotycz\u0105cych ESG, z potencjalnym zasi\u0119giem ponad 65 milion\u00f3w odbiorc\u00f3w. Jak zauwa\u017cy\u0142 Marcin Szczupak, \u201e<em>coraz cz\u0119\u015bciej s\u0105 to wpisy krytyczne \u2013 wskazuj\u0105ce na greenwashing, niesp\u00f3jno\u015b\u0107 dzia\u0142a\u0144 firm, a nawet teorie spiskowe<\/em>\u201d. Dzi\u015b internauci otwarcie pytaj\u0105, czy to, co firmy deklaruj\u0105, pokrywa si\u0119 z ich realnymi dzia\u0142aniami? Ten trend wymusza na markach now\u0105 jako\u015b\u0107 komunikacji: transparentno\u015b\u0107, konkretno\u015b\u0107 i gotowo\u015b\u0107 do otwartego dialogu z interesariuszami.<\/p>\n\n\n\n<p>&nbsp;<\/p>\n\n\n\n<div class=\"wp-block-image\"><figure class=\"aligncenter size-full\"><img loading=\"lazy\" width=\"1232\" height=\"691\" src=\"https:\/\/mediaboard.com\/wp-content\/uploads\/2025\/05\/esg3.png\" alt=\"esg\" class=\"wp-image-63524\" srcset=\"https:\/\/mediaboard.com\/wp-content\/uploads\/2025\/05\/esg3.png 1232w, https:\/\/mediaboard.com\/wp-content\/uploads\/2025\/05\/esg3-300x168.png 300w, https:\/\/mediaboard.com\/wp-content\/uploads\/2025\/05\/esg3-1024x574.png 1024w, https:\/\/mediaboard.com\/wp-content\/uploads\/2025\/05\/esg3-768x431.png 768w, https:\/\/mediaboard.com\/wp-content\/uploads\/2025\/05\/esg3-640x360.png 640w, https:\/\/mediaboard.com\/wp-content\/uploads\/2025\/05\/esg3-20x11.png 20w, https:\/\/mediaboard.com\/wp-content\/uploads\/2025\/05\/esg3-960x538.png 960w, https:\/\/mediaboard.com\/wp-content\/uploads\/2025\/05\/esg3-480x269.png 480w, https:\/\/mediaboard.com\/wp-content\/uploads\/2025\/05\/esg3-540x303.png 540w, https:\/\/mediaboard.com\/wp-content\/uploads\/2025\/05\/esg3-856x480.png 856w, https:\/\/mediaboard.com\/wp-content\/uploads\/2025\/05\/esg3-270x151.png 270w, https:\/\/mediaboard.com\/wp-content\/uploads\/2025\/05\/esg3-104x58.png 104w, https:\/\/mediaboard.com\/wp-content\/uploads\/2025\/05\/esg3-208x117.png 208w, https:\/\/mediaboard.com\/wp-content\/uploads\/2025\/05\/esg3-52x29.png 52w, https:\/\/mediaboard.com\/wp-content\/uploads\/2025\/05\/esg3-160x90.png 160w, https:\/\/mediaboard.com\/wp-content\/uploads\/2025\/05\/esg3-320x179.png 320w, https:\/\/mediaboard.com\/wp-content\/uploads\/2025\/05\/esg3-80x45.png 80w, https:\/\/mediaboard.com\/wp-content\/uploads\/2025\/05\/esg3-24x13.png 24w, https:\/\/mediaboard.com\/wp-content\/uploads\/2025\/05\/esg3-36x20.png 36w, https:\/\/mediaboard.com\/wp-content\/uploads\/2025\/05\/esg3-48x27.png 48w\" sizes=\"(max-width: 1232px) 100vw, 1232px\" \/><\/figure><\/div>\n\n\n\n<p><\/p>\n\n\n\n<h2><strong>Edukacja jako wyzwanie strategiczne<\/strong><\/h2>\n\n\n\n<p>W erze scrollowania i nadmiaru informacji, du\u017ce znaczenie maj\u0105 tytu\u0142y, leady i pierwsze zdania tekst\u00f3w. To one decyduj\u0105, czy materia\u0142 zostanie przeczytany, czy pomini\u0119ty. \u201e<em>Umieszczanie g\u0142\u00f3wnych tez w artykule i leadzie jest technik\u0105 dobrego media realations i dobrego komunikowania o ESG<\/em>\u201d \u2013 zauwa\u017cy\u0142 Marcin Szczupak podczas wyst\u0105pienia. Eksperci Mediaboard podkre\u015blaj\u0105, \u017ce wiedza o ESG musi by\u0107 nie tylko dost\u0119pna, ale te\u017c zrozumia\u0142a i atrakcyjnie podana. Komunikacja ESG powinna \u0142\u0105czy\u0107 merytoryk\u0119 z prostot\u0105 \u2013 bez upraszczania.<\/p>\n\n\n\n<p>&nbsp;<\/p>\n\n\n\n<h2><strong>CSRD i raportowanie po nowemu<\/strong><\/h2>\n\n\n\n<p>Nowa dyrektywa CSRD (Corporate Sustainability Reporting Directive) stawia przed firmami konkretne wymagania: mierzalno\u015b\u0107, weryfikowalno\u015b\u0107 i sp\u00f3jno\u015b\u0107 raportowania dzia\u0142a\u0144 z zakresu ESG. Ale to nie tylko formalno\u015b\u0107 \u2013 to r\u00f3wnie\u017c impuls do przemy\u015blanej, zintegrowanej komunikacji. Coraz wi\u0119ksz\u0105 rol\u0119 odgrywa nie tylko <a href=\"https:\/\/mediaboard.com\/pl\/monitoring-mediow\/\">monitoring przesz\u0142ych dzia\u0142a\u0144<\/a>, ale r\u00f3wnie\u017c prognozowanie temat\u00f3w, kt\u00f3re mog\u0105 zdominowa\u0107 debat\u0119 publiczn\u0105 w nadchodz\u0105cych miesi\u0105cach.<\/p>\n\n\n\n<p>&nbsp;<\/p>\n\n\n\n<h2><strong>Obecno\u015b\u0107 to za ma\u0142o<\/strong><\/h2>\n\n\n\n<p>Raport \u201eESG w mediach\u201d pokazuje, \u017ce obecno\u015b\u0107 tematu w przestrzeni medialnej to za ma\u0142o. Potrzebujemy dojrza\u0142o\u015bci w narracji \u2013 takiej, kt\u00f3ra nie unika trudnych temat\u00f3w i daje g\u0142os wszystkim trzem filarom ESG. Bo tylko wtedy ESG stanie si\u0119 nie modnym skr\u00f3tem, ale narz\u0119dziem zmiany \u2013 w komunikacji, w raportowaniu i w codziennym funkcjonowaniu firm.<\/p>\n\n\n\n<p>\u00a0<\/p>\n\n\n\n<h2 class=\"has-text-align-center\"><strong>Sprawd\u017a, co m\u00f3wi\u0105 media o Twojej marce.<\/strong><\/h2>\n\n\n\n<p>\u00a0<\/p>\n\n\n\n<p> <\/p>\n\n\n\n<div class=\"wp-container-1 wp-block-buttons\">\n<div class=\"wp-block-button\"><a class=\"wp-block-button__link has-white-color has-main-blue-background-color has-text-color has-background\" href=\"https:\/\/app.mediaboard.com\/sign-up?pal=pl?pal=pl\" style=\"border-radius:100px\">Wypr\u00f3buj za darmo<\/a><\/div>\n<\/div>\n\n\n\n<p><\/p>\n\n\n\n<p>\u00a0<\/p>\n","protected":false},"excerpt":{"rendered":"<p>Cho\u0107 od premiery raportu \u201eESG w mediach\u201d min\u0119\u0142o ju\u017c kilka miesi\u0119cy, jego przekaz dzi\u015b wybrzmiewa jeszcze mocniej. Podczas IV Kongresu&#8230;<\/p>\n","protected":false},"author":19,"featured_media":63565,"comment_status":"open","ping_status":"open","sticky":false,"template":"","format":"standard","meta":[],"categories":[38],"tags":[],"acf":[],"yoast_head":"<!-- This site is optimized with the Yoast SEO plugin v18.2 - https:\/\/yoast.com\/wordpress\/plugins\/seo\/ -->\n<meta name=\"description\" content=\"ESG w polskich mediach - sprawd\u017a, kt\u00f3rzy kandydaci na \u017cupan\u00f3w byli najcz\u0119\u015bciej obecni w mediach przed wyborami lokalnymi 2025.\" \/>\n<meta name=\"robots\" content=\"index, follow, max-snippet:-1, max-image-preview:large, max-video-preview:-1\" \/>\n<link rel=\"canonical\" href=\"https:\/\/mediaboard.com\/pl\/esg-w-polskich-mediach\/\" \/>\n<meta property=\"og:locale\" content=\"pl_PL\" \/>\n<meta property=\"og:type\" content=\"article\" \/>\n<meta property=\"og:title\" content=\"ESG w polskich mediach\" \/>\n<meta property=\"og:description\" content=\"ESG w polskich mediach - sprawd\u017a, kt\u00f3rzy kandydaci na \u017cupan\u00f3w byli najcz\u0119\u015bciej obecni w mediach przed wyborami lokalnymi 2025.\" \/>\n<meta property=\"og:url\" content=\"https:\/\/mediaboard.com\/pl\/esg-w-polskich-mediach\/\" \/>\n<meta property=\"og:site_name\" content=\"Mediaboard.com\" \/>\n<meta property=\"article:published_time\" content=\"2025-05-15T09:19:27+00:00\" \/>\n<meta property=\"article:modified_time\" content=\"2025-05-21T07:27:41+00:00\" \/>\n<meta property=\"og:image\" content=\"https:\/\/mediaboard.com\/wp-content\/uploads\/2025\/05\/Untitled-design-3.png\" \/>\n\t<meta property=\"og:image:width\" content=\"1875\" \/>\n\t<meta property=\"og:image:height\" content=\"898\" \/>\n\t<meta property=\"og:image:type\" content=\"image\/png\" \/>\n<meta name=\"twitter:card\" content=\"summary_large_image\" \/>\n<meta name=\"twitter:label1\" content=\"Napisane przez\" \/>\n\t<meta name=\"twitter:data1\" content=\"Tereza \u017di\u017elavsk\u00e1\" \/>\n\t<meta name=\"twitter:label2\" content=\"Szacowany czas czytania\" \/>\n\t<meta name=\"twitter:data2\" content=\"3 minuty\" \/>\n<script type=\"application\/ld+json\" class=\"yoast-schema-graph\">{\"@context\":\"https:\/\/schema.org\",\"@graph\":[{\"@type\":\"WebSite\",\"@id\":\"https:\/\/mediaboard.com\/#website\",\"url\":\"https:\/\/mediaboard.com\/\",\"name\":\"Mediaboard.com\",\"description\":\"Monitoring, anal\u00fdza a m\u011b\u0159en\u00ed m\u00e9di\u00ed nov\u00e9 generace\",\"potentialAction\":[{\"@type\":\"SearchAction\",\"target\":{\"@type\":\"EntryPoint\",\"urlTemplate\":\"https:\/\/mediaboard.com\/?s={search_term_string}\"},\"query-input\":\"required name=search_term_string\"}],\"inLanguage\":\"pl-PL\"},{\"@type\":\"ImageObject\",\"@id\":\"https:\/\/mediaboard.com\/pl\/esg-w-polskich-mediach\/#primaryimage\",\"inLanguage\":\"pl-PL\",\"url\":\"https:\/\/mediaboard.com\/wp-content\/uploads\/2025\/05\/Untitled-design-3.png\",\"contentUrl\":\"https:\/\/mediaboard.com\/wp-content\/uploads\/2025\/05\/Untitled-design-3.png\",\"width\":1875,\"height\":898},{\"@type\":\"WebPage\",\"@id\":\"https:\/\/mediaboard.com\/pl\/esg-w-polskich-mediach\/#webpage\",\"url\":\"https:\/\/mediaboard.com\/pl\/esg-w-polskich-mediach\/\",\"name\":\"ESG w polskich mediach\",\"isPartOf\":{\"@id\":\"https:\/\/mediaboard.com\/#website\"},\"primaryImageOfPage\":{\"@id\":\"https:\/\/mediaboard.com\/pl\/esg-w-polskich-mediach\/#primaryimage\"},\"datePublished\":\"2025-05-15T09:19:27+00:00\",\"dateModified\":\"2025-05-21T07:27:41+00:00\",\"author\":{\"@id\":\"https:\/\/mediaboard.com\/#\/schema\/person\/bfa7f29377a3fe1a9aa7d10f07b32955\"},\"description\":\"ESG w polskich mediach - sprawd\u017a, kt\u00f3rzy kandydaci na \u017cupan\u00f3w byli najcz\u0119\u015bciej obecni w mediach przed wyborami lokalnymi 2025.\",\"breadcrumb\":{\"@id\":\"https:\/\/mediaboard.com\/pl\/esg-w-polskich-mediach\/#breadcrumb\"},\"inLanguage\":\"pl-PL\",\"potentialAction\":[{\"@type\":\"ReadAction\",\"target\":[\"https:\/\/mediaboard.com\/pl\/esg-w-polskich-mediach\/\"]}]},{\"@type\":\"BreadcrumbList\",\"@id\":\"https:\/\/mediaboard.com\/pl\/esg-w-polskich-mediach\/#breadcrumb\",\"itemListElement\":[{\"@type\":\"ListItem\",\"position\":1,\"name\":\"Home\",\"item\":\"https:\/\/mediaboard.com\/pl\/\"},{\"@type\":\"ListItem\",\"position\":2,\"name\":\"ESG w polskich mediach\"}]},{\"@type\":\"Person\",\"@id\":\"https:\/\/mediaboard.com\/#\/schema\/person\/bfa7f29377a3fe1a9aa7d10f07b32955\",\"name\":\"Tereza \u017di\u017elavsk\u00e1\",\"image\":{\"@type\":\"ImageObject\",\"@id\":\"https:\/\/mediaboard.com\/#personlogo\",\"inLanguage\":\"pl-PL\",\"url\":\"https:\/\/secure.gravatar.com\/avatar\/3a428cb30a9e07badbdf4194db132ce9?s=96&d=mm&r=g\",\"contentUrl\":\"https:\/\/secure.gravatar.com\/avatar\/3a428cb30a9e07badbdf4194db132ce9?s=96&d=mm&r=g\",\"caption\":\"Tereza \u017di\u017elavsk\u00e1\"}}]}<\/script>\n<!-- \/ Yoast SEO plugin. -->","yoast_head_json":{"description":"ESG w polskich mediach - sprawd\u017a, kt\u00f3rzy kandydaci na \u017cupan\u00f3w byli najcz\u0119\u015bciej obecni w mediach przed wyborami lokalnymi 2025.","robots":{"index":"index","follow":"follow","max-snippet":"max-snippet:-1","max-image-preview":"max-image-preview:large","max-video-preview":"max-video-preview:-1"},"canonical":"https:\/\/mediaboard.com\/pl\/esg-w-polskich-mediach\/","og_locale":"pl_PL","og_type":"article","og_title":"ESG w polskich mediach","og_description":"ESG w polskich mediach - sprawd\u017a, kt\u00f3rzy kandydaci na \u017cupan\u00f3w byli najcz\u0119\u015bciej obecni w mediach przed wyborami lokalnymi 2025.","og_url":"https:\/\/mediaboard.com\/pl\/esg-w-polskich-mediach\/","og_site_name":"Mediaboard.com","article_published_time":"2025-05-15T09:19:27+00:00","article_modified_time":"2025-05-21T07:27:41+00:00","og_image":[{"width":1875,"height":898,"url":"https:\/\/mediaboard.com\/wp-content\/uploads\/2025\/05\/Untitled-design-3.png","type":"image\/png"}],"twitter_card":"summary_large_image","twitter_misc":{"Napisane przez":"Tereza \u017di\u017elavsk\u00e1","Szacowany czas czytania":"3 minuty"},"schema":{"@context":"https:\/\/schema.org","@graph":[{"@type":"WebSite","@id":"https:\/\/mediaboard.com\/#website","url":"https:\/\/mediaboard.com\/","name":"Mediaboard.com","description":"Monitoring, anal\u00fdza a m\u011b\u0159en\u00ed m\u00e9di\u00ed nov\u00e9 generace","potentialAction":[{"@type":"SearchAction","target":{"@type":"EntryPoint","urlTemplate":"https:\/\/mediaboard.com\/?s={search_term_string}"},"query-input":"required name=search_term_string"}],"inLanguage":"pl-PL"},{"@type":"ImageObject","@id":"https:\/\/mediaboard.com\/pl\/esg-w-polskich-mediach\/#primaryimage","inLanguage":"pl-PL","url":"https:\/\/mediaboard.com\/wp-content\/uploads\/2025\/05\/Untitled-design-3.png","contentUrl":"https:\/\/mediaboard.com\/wp-content\/uploads\/2025\/05\/Untitled-design-3.png","width":1875,"height":898},{"@type":"WebPage","@id":"https:\/\/mediaboard.com\/pl\/esg-w-polskich-mediach\/#webpage","url":"https:\/\/mediaboard.com\/pl\/esg-w-polskich-mediach\/","name":"ESG w polskich mediach","isPartOf":{"@id":"https:\/\/mediaboard.com\/#website"},"primaryImageOfPage":{"@id":"https:\/\/mediaboard.com\/pl\/esg-w-polskich-mediach\/#primaryimage"},"datePublished":"2025-05-15T09:19:27+00:00","dateModified":"2025-05-21T07:27:41+00:00","author":{"@id":"https:\/\/mediaboard.com\/#\/schema\/person\/bfa7f29377a3fe1a9aa7d10f07b32955"},"description":"ESG w polskich mediach - sprawd\u017a, kt\u00f3rzy kandydaci na \u017cupan\u00f3w byli najcz\u0119\u015bciej obecni w mediach przed wyborami lokalnymi 2025.","breadcrumb":{"@id":"https:\/\/mediaboard.com\/pl\/esg-w-polskich-mediach\/#breadcrumb"},"inLanguage":"pl-PL","potentialAction":[{"@type":"ReadAction","target":["https:\/\/mediaboard.com\/pl\/esg-w-polskich-mediach\/"]}]},{"@type":"BreadcrumbList","@id":"https:\/\/mediaboard.com\/pl\/esg-w-polskich-mediach\/#breadcrumb","itemListElement":[{"@type":"ListItem","position":1,"name":"Home","item":"https:\/\/mediaboard.com\/pl\/"},{"@type":"ListItem","position":2,"name":"ESG w polskich mediach"}]},{"@type":"Person","@id":"https:\/\/mediaboard.com\/#\/schema\/person\/bfa7f29377a3fe1a9aa7d10f07b32955","name":"Tereza \u017di\u017elavsk\u00e1","image":{"@type":"ImageObject","@id":"https:\/\/mediaboard.com\/#personlogo","inLanguage":"pl-PL","url":"https:\/\/secure.gravatar.com\/avatar\/3a428cb30a9e07badbdf4194db132ce9?s=96&d=mm&r=g","contentUrl":"https:\/\/secure.gravatar.com\/avatar\/3a428cb30a9e07badbdf4194db132ce9?s=96&d=mm&r=g","caption":"Tereza \u017di\u017elavsk\u00e1"}}]}},"_links":{"self":[{"href":"https:\/\/mediaboard.com\/pl\/wp-json\/wp\/v2\/posts\/63436"}],"collection":[{"href":"https:\/\/mediaboard.com\/pl\/wp-json\/wp\/v2\/posts"}],"about":[{"href":"https:\/\/mediaboard.com\/pl\/wp-json\/wp\/v2\/types\/post"}],"author":[{"embeddable":true,"href":"https:\/\/mediaboard.com\/pl\/wp-json\/wp\/v2\/users\/19"}],"replies":[{"embeddable":true,"href":"https:\/\/mediaboard.com\/pl\/wp-json\/wp\/v2\/comments?post=63436"}],"version-history":[{"count":11,"href":"https:\/\/mediaboard.com\/pl\/wp-json\/wp\/v2\/posts\/63436\/revisions"}],"predecessor-version":[{"id":63615,"href":"https:\/\/mediaboard.com\/pl\/wp-json\/wp\/v2\/posts\/63436\/revisions\/63615"}],"wp:featuredmedia":[{"embeddable":true,"href":"https:\/\/mediaboard.com\/pl\/wp-json\/wp\/v2\/media\/63565"}],"wp:attachment":[{"href":"https:\/\/mediaboard.com\/pl\/wp-json\/wp\/v2\/media?parent=63436"}],"wp:term":[{"taxonomy":"category","embeddable":true,"href":"https:\/\/mediaboard.com\/pl\/wp-json\/wp\/v2\/categories?post=63436"},{"taxonomy":"post_tag","embeddable":true,"href":"https:\/\/mediaboard.com\/pl\/wp-json\/wp\/v2\/tags?post=63436"}],"curies":[{"name":"wp","href":"https:\/\/api.w.org\/{rel}","templated":true}]}}